{"id":637,"date":"2024-09-15T12:47:48","date_gmt":"2024-09-15T10:47:48","guid":{"rendered":"https:\/\/iefdessavoie.fr\/?p=637"},"modified":"2024-09-15T12:47:48","modified_gmt":"2024-09-15T10:47:48","slug":"journee-internationale-pour-la-liberte-dinstruction","status":"publish","type":"post","link":"https:\/\/iefdessavoie.fr\/index.php\/2024\/09\/15\/journee-internationale-pour-la-liberte-dinstruction\/","title":{"rendered":"Journ\u00e9e Internationale Pour la Libert\u00e9 d&rsquo;Instruction"},"content":{"rendered":"<div class=\"wp-block-image\">\n<figure class=\"aligncenter size-full\"><img decoding=\"async\" src=\"http:\/\/iefdesj.cluster121.hosting.ovh.net\/wp-content\/uploads\/2024\/09\/JIPLI.png\" alt=\"\" class=\"wp-image-639\"\/><\/figure>\n<\/div>\n\n\n<p><\/p>\n\n\n\n<p>En cette JIPli2024 , nous appelons toutes les bonnes volont\u00e9s \u00e0 se pr\u00e9parer \u00e0 la mobilisation politique: M. Barnier annonce qu&rsquo;une nouvelle \u00e9quipe ex\u00e9cutive sera constitu\u00e9e cette semaine, les travaux l\u00e9gislatifs vont reprendre. <\/p>\n\n\n\n<p>Qui h\u00e9ritera au minist\u00e8re de l&rsquo;Education du bilan de l&rsquo;art. 49 de la loi CRPR et de sa calamiteuse gestion humaine des enfants Instruits En Famille ? <a href=\"https:\/\/nonscollectif.org\/actualites\/2024-09-14-suivi-demandes-septembre-2024\/\" data-type=\"link\" data-id=\"https:\/\/nonscollectif.org\/actualites\/2024-09-14-suivi-demandes-septembre-2024\/\" target=\"_blank\" rel=\"noreferrer noopener\">Nous observons en effet cette ann\u00e9e une chute alarmante du nombre de jeunes autoris\u00e9s \u00e0 \u00eatre IEF.<\/a><\/p>\n\n\n\n<p>Alors que le besoin d&rsquo;alternatives augmente proportionnellement \u00e0 la d\u00e9gradation du service public <a href=\"https:\/\/videos.assemblee-nationale.fr\/video.15453042_66e1922a82f81.commission-des-affaires-culturelles---table-ronde-sur-la-rentree-scolaire-reunissant-des-representa-11-septembre-2024\" data-type=\"link\" data-id=\"https:\/\/videos.assemblee-nationale.fr\/video.15453042_66e1922a82f81.commission-des-affaires-culturelles---table-ronde-sur-la-rentree-scolaire-reunissant-des-representa-11-septembre-2024\" target=\"_blank\" rel=\"noreferrer noopener\">point\u00e9e par les syndicats<\/a>, cet article de loi est utilis\u00e9 pour contraindre des milliers d&rsquo;enfants dans des parcours excluant leurs besoins ou leurs choix.<\/p>\n\n\n\n<p>Seule la suppression de l&rsquo;art 49de cette loi permettra de lutter contre la d\u00e9fiance qui s&rsquo;installe entre les diff\u00e9rents acteurs, et dans ce combat les familles ne sont pas seules : des associations et collectifs maillent tout le territoire.<br><br>Rejoignez les v\u00f4tres !<br><br><br><\/p>\n","protected":false},"excerpt":{"rendered":"<p>En cette JIPli2024 , nous appelons toutes les bonnes volont\u00e9s \u00e0 se pr\u00e9parer \u00e0 la mobilisation politique: M. Barnier annonce qu&rsquo;une nouvelle \u00e9quipe ex\u00e9cutive sera constitu\u00e9e cette semaine, les travaux l\u00e9gislatifs vont reprendre. Qui h\u00e9ritera au minist\u00e8re de l&rsquo;Education du bilan de l&rsquo;art. 49 de la loi CRPR et de sa calamiteuse gestion humaine des&#8230;<\/p>\n","protected":false},"author":3,"featured_media":0,"comment_status":"closed","ping_status":"closed","sticky":false,"template":"","format":"standard","meta":{"_jetpack_memberships_contains_paid_content":false,"footnotes":""},"categories":[2],"tags":[],"class_list":["post-637","post","type-post","status-publish","format-standard","hentry","category-actu"],"jetpack_featured_media_url":"","jetpack_sharing_enabled":true,"_links":{"self":[{"href":"https:\/\/iefdessavoie.fr\/index.php\/wp-json\/wp\/v2\/posts\/637","targetHints":{"allow":["GET"]}}],"collection":[{"href":"https:\/\/iefdessavoie.fr\/index.php\/wp-json\/wp\/v2\/posts"}],"about":[{"href":"https:\/\/iefdessavoie.fr\/index.php\/wp-json\/wp\/v2\/types\/post"}],"author":[{"embeddable":true,"href":"https:\/\/iefdessavoie.fr\/index.php\/wp-json\/wp\/v2\/users\/3"}],"replies":[{"embeddable":true,"href":"https:\/\/iefdessavoie.fr\/index.php\/wp-json\/wp\/v2\/comments?post=637"}],"version-history":[{"count":0,"href":"https:\/\/iefdessavoie.fr\/index.php\/wp-json\/wp\/v2\/posts\/637\/revisions"}],"wp:attachment":[{"href":"https:\/\/iefdessavoie.fr\/index.php\/wp-json\/wp\/v2\/media?parent=637"}],"wp:term":[{"taxonomy":"category","embeddable":true,"href":"https:\/\/iefdessavoie.fr\/index.php\/wp-json\/wp\/v2\/categories?post=637"},{"taxonomy":"post_tag","embeddable":true,"href":"https:\/\/iefdessavoie.fr\/index.php\/wp-json\/wp\/v2\/tags?post=637"}],"curies":[{"name":"wp","href":"https:\/\/api.w.org\/{rel}","templated":true}]}}