{"id":627,"date":"2024-05-01T14:00:36","date_gmt":"2024-05-01T12:00:36","guid":{"rendered":"https:\/\/iefdessavoie.fr\/?p=627"},"modified":"2024-05-01T14:00:36","modified_gmt":"2024-05-01T12:00:36","slug":"les-assos-et-collectifs-alertent-le-ministere","status":"publish","type":"post","link":"https:\/\/iefdessavoie.fr\/index.php\/2024\/05\/01\/les-assos-et-collectifs-alertent-le-ministere\/","title":{"rendered":"Les assos et collectifs alertent le Minist\u00e8re"},"content":{"rendered":"<div class=\"wp-block-image\">\n<figure class=\"aligncenter size-large is-resized\"><img decoding=\"async\" src=\"http:\/\/iefdesj.cluster121.hosting.ovh.net\/wp-content\/uploads\/2024\/05\/CourrierBelloubet_Interasso-700x700.jpg\" alt=\"\" class=\"wp-image-626\" style=\"width:373px;height:auto\"\/><\/figure>\n<\/div>\n\n\n<p>Une trentaine d&rsquo;associations et collectifs sur l&rsquo;ensemble de la France ont souhait\u00e9 alerter Madame Belloubet, Ministre de l&rsquo;Education nationale, sur l&rsquo;impact d\u00e9l\u00e9t\u00e8re de la mise en application de l&rsquo;article 49 de la loi CRPR sur la vie des enfants concern\u00e9s.<\/p>\n\n\n\n<p>Nous continuerons \u00e0 nous mobiliser pour les enfants et leur droit \u00e0 l&rsquo;\u00e9ducation tel qu&rsquo;il est consacr\u00e9 par les conventions et trait\u00e9s ratifi\u00e9s par la France.<\/p>\n\n\n\n<p><\/p>\n\n\n\n<p class=\"has-text-align-center\"><strong>\u00ab\u00a0<em>L&rsquo;\u00e9ducation doit viser au plein \u00e9panouissement de la personnalit\u00e9 humaine et du sens de sa dignit\u00e9 et renforcer le respect des droits de l&rsquo;homme et des libert\u00e9s fondamentales<\/em><\/strong>\u00ab\u00a0, Pacte international relatif aux droits \u00e9conomiques sociaux et culturels (ratifi\u00e9 par la France en 1980).<\/p>\n\n\n\n<p><\/p>\n\n\n\n<p>Vous pouvez consulter le courrier que l&rsquo;association IEF des Savoie a cosign\u00e9 <a href=\"https:\/\/drive.google.com\/file\/d\/1xj43BEQyFRs5bqmczc8sd12FnadN-a4R\/view?usp=drive_link\" target=\"_blank\" rel=\"noreferrer noopener\">ici<\/a>.<\/p>\n","protected":false},"excerpt":{"rendered":"<p>Une trentaine d&rsquo;associations et collectifs sur l&rsquo;ensemble de la France ont souhait\u00e9 alerter Madame Belloubet, Ministre de l&rsquo;Education nationale, sur l&rsquo;impact d\u00e9l\u00e9t\u00e8re de la mise en application de l&rsquo;article 49 de la loi CRPR sur la vie des enfants concern\u00e9s. Nous continuerons \u00e0 nous mobiliser pour les enfants et leur droit \u00e0 l&rsquo;\u00e9ducation tel qu&rsquo;il&#8230;<\/p>\n","protected":false},"author":3,"featured_media":0,"comment_status":"closed","ping_status":"closed","sticky":false,"template":"","format":"standard","meta":{"_jetpack_memberships_contains_paid_content":false,"footnotes":""},"categories":[2],"tags":[],"class_list":["post-627","post","type-post","status-publish","format-standard","hentry","category-actu"],"jetpack_featured_media_url":"","jetpack_sharing_enabled":true,"_links":{"self":[{"href":"https:\/\/iefdessavoie.fr\/index.php\/wp-json\/wp\/v2\/posts\/627","targetHints":{"allow":["GET"]}}],"collection":[{"href":"https:\/\/iefdessavoie.fr\/index.php\/wp-json\/wp\/v2\/posts"}],"about":[{"href":"https:\/\/iefdessavoie.fr\/index.php\/wp-json\/wp\/v2\/types\/post"}],"author":[{"embeddable":true,"href":"https:\/\/iefdessavoie.fr\/index.php\/wp-json\/wp\/v2\/users\/3"}],"replies":[{"embeddable":true,"href":"https:\/\/iefdessavoie.fr\/index.php\/wp-json\/wp\/v2\/comments?post=627"}],"version-history":[{"count":0,"href":"https:\/\/iefdessavoie.fr\/index.php\/wp-json\/wp\/v2\/posts\/627\/revisions"}],"wp:attachment":[{"href":"https:\/\/iefdessavoie.fr\/index.php\/wp-json\/wp\/v2\/media?parent=627"}],"wp:term":[{"taxonomy":"category","embeddable":true,"href":"https:\/\/iefdessavoie.fr\/index.php\/wp-json\/wp\/v2\/categories?post=627"},{"taxonomy":"post_tag","embeddable":true,"href":"https:\/\/iefdessavoie.fr\/index.php\/wp-json\/wp\/v2\/tags?post=627"}],"curies":[{"name":"wp","href":"https:\/\/api.w.org\/{rel}","templated":true}]}}