{"id":599,"date":"2023-09-05T15:17:27","date_gmt":"2023-09-05T13:17:27","guid":{"rendered":"https:\/\/iefdessavoie.fr\/?p=599"},"modified":"2023-09-05T15:17:27","modified_gmt":"2023-09-05T13:17:27","slug":"formation-haut-potentiel","status":"publish","type":"post","link":"https:\/\/iefdessavoie.fr\/index.php\/2023\/09\/05\/formation-haut-potentiel\/","title":{"rendered":"Formation Haut-potentiel"},"content":{"rendered":"\n<p>Une micro-formation \u00e0 <strong>l\u2019accompagnement des enfants haut potentiel et\/ou hypersensibles<\/strong> et troubles associ\u00e9s est&nbsp; propos\u00e9e par l&rsquo;association.<\/p>\n\n\n\n<p>Elle aura lieu les jeudis 21 &#8211; 28 septembre et le 5 octobre de 14 \u00e0 16h00.<\/p>\n\n\n\n<p>Elle concerne les parents, les proches, ou les professeurs d\u2019enfants diagnostiqu\u00e9s ou pour lesquels la question se pose.<\/p>\n\n\n\n<p>Cette formation sera anim\u00e9e par Marylise Auzou, membre de la Direction coll\u00e9giale de l\u2019association IEF des Savoie.<\/p>\n\n\n\n<p>Elle pourra accueillir 12 personnes et aura lieu \u00e0 la MJC des Romains, 28 av du parc des sports \u00e0 Annecy.<\/p>\n\n\n\n<p>La pr\u00e9sence aux 3 s\u00e9ances est requise.<\/p>\n\n\n\n<p>Tarif : 15\u20ac pour les 3 s\u00e9ances.<\/p>\n\n\n\n<p>Objectifs :<\/p>\n\n\n\n<p>&#8211; D\u00e9finir le haut potentiel, l\u2019hypersensibilit\u00e9 et les troubles dys associ\u00e9s<\/p>\n\n\n\n<p>&#8211; D\u00e9celer les signes de la douance et\/ou de l\u2019hypersensibilit\u00e9<\/p>\n\n\n\n<p>&#8211; Mettre en place des strat\u00e9gies au quotidien pour un meilleur accompagnement&nbsp;<\/p>\n\n\n\n<p><a href=\"https:\/\/www.helloasso.com\/associations\/ief-des-savoie\/evenements\/formation-haut-potentiel-et-de-l-hypersensibilite-de-l-enfant\"><strong>Inscription<\/strong><\/a><\/p>\n\n\n\n<p><a href=\"https:\/\/drive.google.com\/file\/d\/1S6EMySNgC6g6CXlkZ47k8MV8DPTPB4oy\/view?usp=sharing\"><strong>Affiche<\/strong><\/a><\/p>\n","protected":false},"excerpt":{"rendered":"<p>Une micro-formation \u00e0 l\u2019accompagnement des enfants haut potentiel et\/ou hypersensibles et troubles associ\u00e9s est&nbsp; propos\u00e9e par l&rsquo;association. Elle aura lieu les jeudis 21 &#8211; 28 septembre et le 5 octobre de 14 \u00e0 16h00. Elle concerne les parents, les proches, ou les professeurs d\u2019enfants diagnostiqu\u00e9s ou pour lesquels la question se pose. Cette formation sera&#8230;<\/p>\n","protected":false},"author":2,"featured_media":0,"comment_status":"closed","ping_status":"closed","sticky":false,"template":"","format":"standard","meta":{"_jetpack_memberships_contains_paid_content":false,"footnotes":""},"categories":[2],"tags":[],"class_list":["post-599","post","type-post","status-publish","format-standard","hentry","category-actu"],"jetpack_featured_media_url":"","jetpack_sharing_enabled":true,"_links":{"self":[{"href":"https:\/\/iefdessavoie.fr\/index.php\/wp-json\/wp\/v2\/posts\/599","targetHints":{"allow":["GET"]}}],"collection":[{"href":"https:\/\/iefdessavoie.fr\/index.php\/wp-json\/wp\/v2\/posts"}],"about":[{"href":"https:\/\/iefdessavoie.fr\/index.php\/wp-json\/wp\/v2\/types\/post"}],"author":[{"embeddable":true,"href":"https:\/\/iefdessavoie.fr\/index.php\/wp-json\/wp\/v2\/users\/2"}],"replies":[{"embeddable":true,"href":"https:\/\/iefdessavoie.fr\/index.php\/wp-json\/wp\/v2\/comments?post=599"}],"version-history":[{"count":0,"href":"https:\/\/iefdessavoie.fr\/index.php\/wp-json\/wp\/v2\/posts\/599\/revisions"}],"wp:attachment":[{"href":"https:\/\/iefdessavoie.fr\/index.php\/wp-json\/wp\/v2\/media?parent=599"}],"wp:term":[{"taxonomy":"category","embeddable":true,"href":"https:\/\/iefdessavoie.fr\/index.php\/wp-json\/wp\/v2\/categories?post=599"},{"taxonomy":"post_tag","embeddable":true,"href":"https:\/\/iefdessavoie.fr\/index.php\/wp-json\/wp\/v2\/tags?post=599"}],"curies":[{"name":"wp","href":"https:\/\/api.w.org\/{rel}","templated":true}]}}