{"id":533,"date":"2023-07-25T22:15:24","date_gmt":"2023-07-25T20:15:24","guid":{"rendered":"https:\/\/iefdessavoie.fr\/?p=533"},"modified":"2023-07-25T22:15:24","modified_gmt":"2023-07-25T20:15:24","slug":"un-projet-des-jeunes-pour-sensibiliser-a-leau-invisible","status":"publish","type":"post","link":"https:\/\/iefdessavoie.fr\/index.php\/2023\/07\/25\/un-projet-des-jeunes-pour-sensibiliser-a-leau-invisible\/","title":{"rendered":"Un projet des jeunes pour sensibiliser \u00e0 l&rsquo;eau invisible"},"content":{"rendered":"\n<p>Ces derni\u00e8res semaines, plusieurs jeunes de l&rsquo;association IEF des Savoie ainsi que d&rsquo;autres jeunes scolaris\u00e9s se sont lanc\u00e9s dans un projet de vid\u00e9o visant \u00e0 sensibiliser le public aux d\u00e9fis que pose l&rsquo;eau invisible. Les jeunes ont d\u00e9couvert cette probl\u00e9matique lors des deux journ\u00e9es des Ambassadeurs de l&rsquo;Eau organis\u00e9es par L&rsquo;Espace Citoyen du Grand Annecy en partenariat avec l&rsquo;association Grandir et Cr\u00e9er, les 29 et 30 juin 2023. <\/p>\n\n\n<div class=\"wp-block-image\">\n<figure class=\"aligncenter size-large is-resized\"><img loading=\"lazy\" decoding=\"async\" src=\"http:\/\/iefdesj.cluster121.hosting.ovh.net\/wp-content\/uploads\/2023\/07\/goutte-deau-700x467.jpeg\" alt=\"\" class=\"wp-image-553\" width=\"582\" height=\"388\"\/><\/figure>\n<\/div>\n\n\n<p><br>Frapp\u00e9s d&rsquo;apprendre que notre consommation quotidienne d&rsquo;eau invisible s&rsquo;\u00e9l\u00e8ve \u00e0 4000 litres d&rsquo;eau par jour et par personne, les jeunes voudraient alerter sur cette probl\u00e9matique en r\u00e9alisant une vid\u00e9o qu&rsquo;ils diffuseront sur internet et dans leur ville. Pour expliquer qu&rsquo;une majorit\u00e9 de l&rsquo;eau que nous consommons sert \u00e0 produire nos v\u00eatements, nos appareils \u00e9lectroniques et notre alimentation, sans que nous en ayons r\u00e9ellement conscience. Ils pr\u00e9voient d&rsquo;interroger des professionnels sur leurs pratiques et d&rsquo;enqu\u00eater sur la mani\u00e8re dont les consommateurs peuvent r\u00e9duire leur impact en \u00e9vitant de creuser leur dette d&rsquo;eau invisible. <\/p>\n\n\n\n<p>L&rsquo;eau fait partie des ressources essentielles \u00e0 la vie qui sont le plus menac\u00e9es par le changement climatique et la soci\u00e9t\u00e9 de surconsommation. L&rsquo;eau propre et l&rsquo;assainissement constitue le sixi\u00e8me Objectif de D\u00e9veloppement Durable d\u00e9fini par les Nations Unies dans son Agenda 2030, qui vise \u00e0 <a rel=\"noreferrer noopener\" href=\"https:\/\/www.un.org\/sustainabledevelopment\/fr\/\" target=\"_blank\">articuler les efforts mondiaux pour le d\u00e9veloppement durable<\/a> en d\u00e9finissant 17 objectifs clairs. D&rsquo;apr\u00e8s l&rsquo;ONU, 40% de la population mondiale subit d\u00e9j\u00e0 les cons\u00e9quences de la p\u00e9nurie d&rsquo;eau, et ce chiffre va augmenter dans les prochaines ann\u00e9es. L&rsquo;eau invisible qui alimente la surconsommation est perdue pour les populations humaines les plus vuln\u00e9rables au bouleversement climatique. <\/p>\n\n\n\n<p>En trois semaines, les jeunes ont tenu trois r\u00e9unions de travail pour d\u00e9finir leur projet, qui leur demandera un investissement significatif en temps mais aussi en mat\u00e9riel. C&rsquo;est une d\u00e9marche ambitieuse, qui fait appel \u00e0 leurs ressources cr\u00e9atives, leurs comp\u00e9tences techniques, leur soif de connaissances scientifiques et leur apprentissage de la citoyennet\u00e9. Ils reprendront leurs rencontres fin ao\u00fbt, apr\u00e8s leur pause estivale, et esp\u00e8rent obtenir une premi\u00e8re interview. <\/p>\n\n\n\n<p>Nous vous tiendrons inform\u00e9s des avanc\u00e9es de ce beau projet. <\/p>\n","protected":false},"excerpt":{"rendered":"<p>Ces derni\u00e8res semaines, plusieurs jeunes de l&rsquo;association IEF des Savoie ainsi que d&rsquo;autres jeunes scolaris\u00e9s se sont lanc\u00e9s dans un projet de vid\u00e9o visant \u00e0 sensibiliser le public aux d\u00e9fis que pose l&rsquo;eau invisible. Les jeunes ont d\u00e9couvert cette probl\u00e9matique lors des deux journ\u00e9es des Ambassadeurs de l&rsquo;Eau organis\u00e9es par L&rsquo;Espace Citoyen du Grand Annecy&#8230;<\/p>\n","protected":false},"author":4,"featured_media":0,"comment_status":"closed","ping_status":"closed","sticky":false,"template":"","format":"standard","meta":{"_jetpack_memberships_contains_paid_content":false,"footnotes":""},"categories":[2],"tags":[],"class_list":["post-533","post","type-post","status-publish","format-standard","hentry","category-actu"],"jetpack_featured_media_url":"","jetpack_sharing_enabled":true,"_links":{"self":[{"href":"https:\/\/iefdessavoie.fr\/index.php\/wp-json\/wp\/v2\/posts\/533","targetHints":{"allow":["GET"]}}],"collection":[{"href":"https:\/\/iefdessavoie.fr\/index.php\/wp-json\/wp\/v2\/posts"}],"about":[{"href":"https:\/\/iefdessavoie.fr\/index.php\/wp-json\/wp\/v2\/types\/post"}],"author":[{"embeddable":true,"href":"https:\/\/iefdessavoie.fr\/index.php\/wp-json\/wp\/v2\/users\/4"}],"replies":[{"embeddable":true,"href":"https:\/\/iefdessavoie.fr\/index.php\/wp-json\/wp\/v2\/comments?post=533"}],"version-history":[{"count":0,"href":"https:\/\/iefdessavoie.fr\/index.php\/wp-json\/wp\/v2\/posts\/533\/revisions"}],"wp:attachment":[{"href":"https:\/\/iefdessavoie.fr\/index.php\/wp-json\/wp\/v2\/media?parent=533"}],"wp:term":[{"taxonomy":"category","embeddable":true,"href":"https:\/\/iefdessavoie.fr\/index.php\/wp-json\/wp\/v2\/categories?post=533"},{"taxonomy":"post_tag","embeddable":true,"href":"https:\/\/iefdessavoie.fr\/index.php\/wp-json\/wp\/v2\/tags?post=533"}],"curies":[{"name":"wp","href":"https:\/\/api.w.org\/{rel}","templated":true}]}}