{"id":407,"date":"2023-06-14T12:16:59","date_gmt":"2023-06-14T10:16:59","guid":{"rendered":"https:\/\/iefdessavoie.fr\/?p=407"},"modified":"2023-06-14T12:16:59","modified_gmt":"2023-06-14T10:16:59","slug":"un-second-prix-pour-les-jeunes-en-ief","status":"publish","type":"post","link":"https:\/\/iefdessavoie.fr\/index.php\/2023\/06\/14\/un-second-prix-pour-les-jeunes-en-ief\/","title":{"rendered":"Un second prix pour les jeunes en IEF !"},"content":{"rendered":"\n<p>Deux semaines apr\u00e8s la c\u00e9r\u00e9monie au Grand Rex, nous apprenons qu&rsquo;un second groupe a obtenu un prix dans le cadre du concours \u00ab&nbsp;Je filme le m\u00e9tier qui me pla\u00eet&nbsp;\u00bb !<\/p>\n\n\n\n<p>Le concours compte trois s\u00e9lections, et autant de jurys : r\u00e9gionale, nationale et celle du Cr\u00e9dit Mutuel, qui vient seulement d&rsquo;\u00eatre annonc\u00e9e.<\/p>\n\n\n\n<p>Pour rappel, dix jeunes en IEF ont particip\u00e9 au concours cette ann\u00e9e. Ils ont r\u00e9alis\u00e9 cinq films de trois minutes pour pr\u00e9senter un m\u00e9tier de leur choix \u00e0 travers un court sc\u00e9nario.<\/p>\n\n\n\n<p>Apr\u00e8s les s\u00e9lections r\u00e9gionales et nationales, c&rsquo;\u00e9tait donc au tour du Cr\u00e9dit Mutuel de d\u00e9cerner ses prix. Partenaire du concours, le Cr\u00e9dit Mutuel r\u00e9compense les films de la cat\u00e9gorie \u00ab&nbsp;agriculture&nbsp;\u00bb.<\/p>\n\n\n\n<p>Nous avons le plaisir de vous annoncer que la vid\u00e9o de Lucas, Evan et \u00c9line sur le m\u00e9tier de chocolatier \u00ab&nbsp;J&rsquo;irai o\u00f9 le chocolat m&#8217;emm\u00e8nera&nbsp;\u00bb a re\u00e7u le deuxi\u00e8me prix. Un repr\u00e9sentant du Cr\u00e9dit Mutuel leur a remis en main propre le 12 juin. L&rsquo;association f\u00e9licite les jeunes laur\u00e9ats !<\/p>\n\n\n\n<figure class=\"wp-block-image size-large\"><img decoding=\"async\" src=\"http:\/\/iefdesj.cluster121.hosting.ovh.net\/wp-content\/uploads\/2023\/06\/2eme-prix-credit-mutuel2-700x329.jpg\" alt=\"\" class=\"wp-image-405\"\/><figcaption class=\"wp-element-caption\">Remise de prix en pr\u00e9sence de Christian Gogny (2e \u00e0 droite)<\/figcaption><\/figure>\n\n\n\n<p>Pour cl\u00f4turer ce beau projet qui s&rsquo;ach\u00e8ve, Lucas, \u00c9line et Evan ont r\u00e9pondu \u00e0 quelques questions.<\/p>\n\n\n\n<p>Lucas :<\/p>\n\n\n\n<p><strong>Content d&rsquo;avoir eu un prix ?<\/strong><\/p>\n\n\n\n<p>&#8211; J&rsquo;\u00e9tais content, parce qu&rsquo;on avait rien eu au niveau r\u00e9gional ni \u00e0 Paris. \u00c7a fait plaisir, notre travail est reconnu.<\/p>\n\n\n\n<p><strong>Tu as \u00e9t\u00e9 acteur sur le tournage. Comment \u00e7a s&rsquo;est pass\u00e9 ?<\/strong><\/p>\n\n\n\n<p>&#8211; C&rsquo;est quelque chose que je n&rsquo;avais jamais fait. C&rsquo;\u00e9tait vraiment super int\u00e9ressant ! Il a fallu que j&rsquo;apprenne tout mon texte et qu&rsquo;on fasse les sc\u00e8nes dans l&rsquo;ordre. \u00c7a ne me d\u00e9rangerait pas de le refaire.<\/p>\n\n\n\n<p><strong>Apr\u00e8s avoir r\u00e9alis\u00e9 la vid\u00e9o, il fallait communiquer \u00e0 son sujet. Comment vous y \u00eates-vous pris?<\/strong><\/p>\n\n\n\n<p>&#8211; On a \u00e9t\u00e9 aid\u00e9s par nos parents. Par exemple, avant la vid\u00e9o, on a \u00e9crit un mail pour contacter Cocoa Valley&#8230; Apr\u00e8s on est all\u00e9s \u00e0 radio Magny, une radio locale, pour pr\u00e9senter tout \u00e7a. Il y aussi eu des articles dans le journal. On a aussi \u00e9t\u00e9 film\u00e9s par la 8 Mont-Blanc. On a \u00e9t\u00e9 interview\u00e9s par une journaliste de la t\u00e9l\u00e9 qui parlait du concours. Ils nous ont film\u00e9s pendant qu&rsquo;on r\u00e9alisait une affiche pour une projection du film.<\/p>\n\n\n\n<p>\u00c9line :<\/p>\n\n\n\n<p><strong>Qu&rsquo;est-ce que tu as ressenti quand tu as su que tu avais un prix ?<\/strong><\/p>\n\n\n\n<p>&#8211; J&rsquo;\u00e9tais contente et fi\u00e8re.<\/p>\n\n\n\n<p><strong>Quel \u00e9tait ton r\u00f4le dans le groupe ? <\/strong><strong>Est-ce qu&rsquo;il y a une partie que tu as pr\u00e9f\u00e9r\u00e9e dans la cr\u00e9ation du film ?<\/strong><\/p>\n\n\n\n<p>&#8211; On avait pas de r\u00f4le vraiment d\u00e9fini, \u00e0 part sur le tournage o\u00f9 Evan \u00e9tait r\u00e9alisateur et Lucas acteur. On essayait de faire les choses ensemble, on participait \u00e0 toutes les \u00e9tapes. J&rsquo;ai bien aim\u00e9 les tournages : on pouvait voir des nouveaux lieux, rencontrer des gens, parler avec le chocolatier. J&rsquo;ai bien aim\u00e9 aussi le sc\u00e9nario et le montage, m\u00eame si c&rsquo;\u00e9tait assez long \u00e0 la fin. Le projet \u00e9tait tr\u00e8s long \u00e0 monter du d\u00e9but jusqu&rsquo;\u00e0 la fin. Et m\u00eame apr\u00e8s, il fallait encore qu&rsquo;on communique.<\/p>\n\n\n\n<p><strong>Comment avez-vous men\u00e9 les interviews du chocolatier ?<\/strong><\/p>\n\n\n\n<p>&#8211; On avait pr\u00e9par\u00e9 des questions et on les a pos\u00e9es devant la cam\u00e9ra. On a repris des parties de ses r\u00e9ponses. On lui avait propos\u00e9 plusieurs questions qui pouvaient \u00eatre int\u00e9ressantes sur son m\u00e9tier. On a altern\u00e9 entre Lucas et moi pour poser les questions. Le chocolatier \u00e9tait sympa. Il nous a parl\u00e9 de ses plantations au Cameroun, et de son histoire avec le chocolat.<\/p>\n\n\n\n<p>Evan :<\/p>\n\n\n\n<p><strong>Surpris par le prix du Cr\u00e9dit Mutuel ?<\/strong><\/p>\n\n\n\n<p>&#8211; Je ne m&rsquo;y attendais pas, j&rsquo;\u00e9tais tr\u00e8s content !<\/p>\n\n\n\n<p><strong>Comment fonctionnait <\/strong><strong>votre<\/strong><strong> groupe ?<\/strong><\/p>\n\n\n\n<p>&#8211; On a \u00e9crit le sc\u00e9nario tous les 3, j&rsquo;avais d\u00e9j\u00e0 quelques id\u00e9es parce que j&rsquo;ai d\u00e9j\u00e0 un peu d&rsquo;exp\u00e9rience. \u00c9line et Lucas avaient de bonnes id\u00e9es. On s&rsquo;est r\u00e9unis plusieurs fois, parce que le travail \u00e0 distance, ce n&rsquo;est pas extra, je trouve\u2026 Pour le tournage j&rsquo;ai \u00e9t\u00e9 r\u00e9alisateur et cameraman. Ensuite, j&rsquo;ai fait le montage. Lucas et \u00c9line ont donn\u00e9 leurs id\u00e9es et moi je g\u00e9rais la technique.<\/p>\n\n\n\n<p><strong>Comment avez-vous choisi les musiques du film ?<\/strong><\/p>\n\n\n\n<p>&#8211; On a choisi les musiques ensemble, sur un site internet. J&rsquo;en ai mis une au d\u00e9but et une \u00e0 la fin du film. On en a \u00e9cout\u00e9 beaucoup. Pour la musique de fin, comme Lucas se r\u00e9veille, on voulait quelque chose d&rsquo;assez doux. Et pour la premi\u00e8re, il fallait quelque chose qui mette le spectateur dans le film. C&rsquo;est important de placer les accents de la musique par rapport aux images. Au d\u00e9but, la cam\u00e9ra descend \u00e0 travers les branches d&rsquo;un arbre. Il fallait que la musique d\u00e9marre pile au bon moment, c&rsquo;est vraiment important.<\/p>\n\n\n\n<p>Merci pour ces r\u00e9ponses !<\/p>\n\n\n\n<p>Nous esp\u00e9rons que les articles \u00e9crits durant toute la dur\u00e9e du projet auront donn\u00e9 envie \u00e0 de nouveaux jeunes en IEF de participer \u00e0 la prochaine \u00e9dition de \u00ab&nbsp;Je filme le m\u00e9tier qui me pla\u00eet&nbsp;\u00bb. Rendez-vous en octobre !<\/p>\n\n\n\n<p>Vous pouvez voir ou revoir le film <a rel=\"noreferrer noopener\" href=\"https:\/\/www.parcoursmetiers.tv\/video\/14762-jirai-ou-le-chocolat-memmenera\" target=\"_blank\">sur la plateforme d\u00e9di\u00e9e.<\/a><\/p>\n\n\n\n<p><\/p>\n","protected":false},"excerpt":{"rendered":"<p>Deux semaines apr\u00e8s la c\u00e9r\u00e9monie au Grand Rex, nous apprenons qu&rsquo;un second groupe a obtenu un prix dans le cadre du concours \u00ab&nbsp;Je filme le m\u00e9tier qui me pla\u00eet&nbsp;\u00bb ! Le concours compte trois s\u00e9lections, et autant de jurys : r\u00e9gionale, nationale et celle du Cr\u00e9dit Mutuel, qui vient seulement d&rsquo;\u00eatre annonc\u00e9e. Pour rappel, dix&#8230;<\/p>\n","protected":false},"author":4,"featured_media":0,"comment_status":"closed","ping_status":"closed","sticky":false,"template":"","format":"standard","meta":{"_jetpack_memberships_contains_paid_content":false,"footnotes":""},"categories":[2],"tags":[],"class_list":["post-407","post","type-post","status-publish","format-standard","hentry","category-actu"],"jetpack_featured_media_url":"","jetpack_sharing_enabled":true,"_links":{"self":[{"href":"https:\/\/iefdessavoie.fr\/index.php\/wp-json\/wp\/v2\/posts\/407","targetHints":{"allow":["GET"]}}],"collection":[{"href":"https:\/\/iefdessavoie.fr\/index.php\/wp-json\/wp\/v2\/posts"}],"about":[{"href":"https:\/\/iefdessavoie.fr\/index.php\/wp-json\/wp\/v2\/types\/post"}],"author":[{"embeddable":true,"href":"https:\/\/iefdessavoie.fr\/index.php\/wp-json\/wp\/v2\/users\/4"}],"replies":[{"embeddable":true,"href":"https:\/\/iefdessavoie.fr\/index.php\/wp-json\/wp\/v2\/comments?post=407"}],"version-history":[{"count":0,"href":"https:\/\/iefdessavoie.fr\/index.php\/wp-json\/wp\/v2\/posts\/407\/revisions"}],"wp:attachment":[{"href":"https:\/\/iefdessavoie.fr\/index.php\/wp-json\/wp\/v2\/media?parent=407"}],"wp:term":[{"taxonomy":"category","embeddable":true,"href":"https:\/\/iefdessavoie.fr\/index.php\/wp-json\/wp\/v2\/categories?post=407"},{"taxonomy":"post_tag","embeddable":true,"href":"https:\/\/iefdessavoie.fr\/index.php\/wp-json\/wp\/v2\/tags?post=407"}],"curies":[{"name":"wp","href":"https:\/\/api.w.org\/{rel}","templated":true}]}}