{"id":394,"date":"2023-05-29T11:49:08","date_gmt":"2023-05-29T09:49:08","guid":{"rendered":"https:\/\/iefdessavoie.fr\/?p=394"},"modified":"2023-05-29T11:49:08","modified_gmt":"2023-05-29T09:49:08","slug":"en-direct-de-paris-un-clap-de-bronze-pour-les-jeunes","status":"publish","type":"post","link":"https:\/\/iefdessavoie.fr\/index.php\/2023\/05\/29\/en-direct-de-paris-un-clap-de-bronze-pour-les-jeunes\/","title":{"rendered":"En direct de Paris\u00a0: un CLAP de bronze pour les jeunes\u00a0!"},"content":{"rendered":"<div class=\"wp-block-image\">\n<figure class=\"aligncenter size-large is-resized\"><img loading=\"lazy\" decoding=\"async\" src=\"http:\/\/iefdesj.cluster121.hosting.ovh.net\/wp-content\/uploads\/2023\/05\/clap-700x733.jpg\" alt=\"\" class=\"wp-image-402\" width=\"464\" height=\"485\"\/><figcaption class=\"wp-element-caption\">Les jeunes prim\u00e9s \u00e0 Paris<\/figcaption><\/figure>\n<\/div>\n\n\n<p>La saison 16 du concours \u00ab&nbsp;Je filme le m\u00e9tier qui me pla\u00eet&nbsp;\u00bb s\u2019est achev\u00e9 \u00e0 Paris le 25 mai par la c\u00e9r\u00e9monie officielle de remise des prix dans la mythique salle du Grand Rex.<\/p>\n\n\n\n<p>Quelques jeunes de l\u2019association avaient fait le d\u00e9placement pour l\u2019occasion.<\/p>\n\n\n\n<p>Une c\u00e9r\u00e9monie (presque&nbsp;\ud83d\ude09) digne des C\u00e9sars \u00e9tait organis\u00e9e lors de laquelle les CLAPS &nbsp;(troph\u00e9es) ont \u00e9t\u00e9 remis aux jeunes participants. Environ 2800 personnes y ont assist\u00e9 ce jeudi 25 mai dans la plus grande salle de cin\u00e9ma d\u2019Europe.<\/p>\n\n\n<div class=\"wp-block-image\">\n<figure class=\"aligncenter size-large is-resized\"><img loading=\"lazy\" decoding=\"async\" src=\"http:\/\/iefdesj.cluster121.hosting.ovh.net\/wp-content\/uploads\/2023\/05\/salle-700x467.jpg\" alt=\"\" class=\"wp-image-398\" width=\"508\" height=\"339\"\/><figcaption class=\"wp-element-caption\">La mythique salle du Grand Rex<\/figcaption><\/figure>\n<\/div>\n\n\n<p>Les membres du jury, reconnaissables \u00e0 leurs \u00e9charpes rouges, \u00e9taient pr\u00e9sents \u00e0 l\u2019exception de la pr\u00e9sidente de cette nouvelle saison, G\u00e9raldine Nakache, en tournage actuellement.<\/p>\n\n\n\n<p><br>Diamant, Or, Argent et Bronze, vous pouvez retrouver le palmar\u00e8s de la saison 16 <a rel=\"noreferrer noopener\" href=\"https:\/\/jefilmelemetierquimeplait.tv\/palmares-saison-16\/\" target=\"_blank\">ici.<\/a><\/p>\n\n\n\n<p>Les CLAPS repr\u00e9sentent la plus haute distinction du concours. Pour \u00eatre prim\u00e9s, les films doivent pr\u00e9alablement \u00eatre retenus pour la s\u00e9lection officielle. Ils sont ensuite soumis au jury de sa\/ses cat\u00e9gorie(s) qui d\u00e9lib\u00e8re ensuite pour attribuer les claps par cat\u00e9gorie.<\/p>\n\n\n\n<p>Parmi les films laur\u00e9ats de cette saison, nous \u00e9tions tr\u00e8s fiers de d\u00e9couvrir en direct <strong>\u00ab&nbsp;Le tic tac de la vie&nbsp;\u00bb<\/strong> r\u00e9alis\u00e9 par Dylan, Jayson et Nicola qui se sont vus d\u00e9cern\u00e9s <strong>UN CLAP DE BRONZE&nbsp;! F\u00e9licitation \u00e0 eux&nbsp;!!<\/strong><br>Vous pouvez visionner ou revisionner leur film <a rel=\"noreferrer noopener\" href=\"https:\/\/www.parcoursmetiers.tv\/video\/14964-le-tic-tac-de-la-vie\" target=\"_blank\">ici.<\/a><br><br>La saison 16 s&rsquo;ach\u00e8ve donc en beaut\u00e9 pour les jeunes de l&rsquo;association, nous les esp\u00e9rons dans les starting blocks pour la saison 17 !! <\/p>\n","protected":false},"excerpt":{"rendered":"<p>La saison 16 du concours \u00ab&nbsp;Je filme le m\u00e9tier qui me pla\u00eet&nbsp;\u00bb s\u2019est achev\u00e9 \u00e0 Paris le 25 mai par la c\u00e9r\u00e9monie officielle de remise des prix dans la mythique salle du Grand Rex. Quelques jeunes de l\u2019association avaient fait le d\u00e9placement pour l\u2019occasion. Une c\u00e9r\u00e9monie (presque&nbsp;\ud83d\ude09) digne des C\u00e9sars \u00e9tait organis\u00e9e lors de laquelle&#8230;<\/p>\n","protected":false},"author":3,"featured_media":0,"comment_status":"closed","ping_status":"closed","sticky":false,"template":"","format":"standard","meta":{"_jetpack_memberships_contains_paid_content":false,"footnotes":""},"categories":[2],"tags":[],"class_list":["post-394","post","type-post","status-publish","format-standard","hentry","category-actu"],"jetpack_featured_media_url":"","jetpack_sharing_enabled":true,"_links":{"self":[{"href":"https:\/\/iefdessavoie.fr\/index.php\/wp-json\/wp\/v2\/posts\/394","targetHints":{"allow":["GET"]}}],"collection":[{"href":"https:\/\/iefdessavoie.fr\/index.php\/wp-json\/wp\/v2\/posts"}],"about":[{"href":"https:\/\/iefdessavoie.fr\/index.php\/wp-json\/wp\/v2\/types\/post"}],"author":[{"embeddable":true,"href":"https:\/\/iefdessavoie.fr\/index.php\/wp-json\/wp\/v2\/users\/3"}],"replies":[{"embeddable":true,"href":"https:\/\/iefdessavoie.fr\/index.php\/wp-json\/wp\/v2\/comments?post=394"}],"version-history":[{"count":0,"href":"https:\/\/iefdessavoie.fr\/index.php\/wp-json\/wp\/v2\/posts\/394\/revisions"}],"wp:attachment":[{"href":"https:\/\/iefdessavoie.fr\/index.php\/wp-json\/wp\/v2\/media?parent=394"}],"wp:term":[{"taxonomy":"category","embeddable":true,"href":"https:\/\/iefdessavoie.fr\/index.php\/wp-json\/wp\/v2\/categories?post=394"},{"taxonomy":"post_tag","embeddable":true,"href":"https:\/\/iefdessavoie.fr\/index.php\/wp-json\/wp\/v2\/tags?post=394"}],"curies":[{"name":"wp","href":"https:\/\/api.w.org\/{rel}","templated":true}]}}