{"id":384,"date":"2023-05-11T19:20:34","date_gmt":"2023-05-11T17:20:34","guid":{"rendered":"https:\/\/iefdessavoie.fr\/?p=384"},"modified":"2023-05-11T19:20:34","modified_gmt":"2023-05-11T17:20:34","slug":"invitation-projection","status":"publish","type":"post","link":"https:\/\/iefdessavoie.fr\/index.php\/2023\/05\/11\/invitation-projection\/","title":{"rendered":"Invitation projection :"},"content":{"rendered":"\n<p class=\"has-text-align-center\">Nous vous invitons \u00e0<strong> la Projection des courts-m\u00e9trages<\/strong> r\u00e9alis\u00e9s par des jeunes en IEF,<br>dans le cadre du concours \u00ab\u00a0Je filme le m\u00e9tier qui me pla\u00eet\u00a0\u00bb.<\/p>\n\n\n\n<p class=\"has-text-align-center\"><strong>Mercredi 17 mai \u00e0 18h30<\/strong><\/p>\n\n\n\n<p class=\"has-text-align-center\"><strong>Espace Yvette Martinet,15 av des \u00eeles \u00e0 Annecy<br><\/strong><br>La projection est suivie d&rsquo;un <strong>\u00e9change avec les jeunes r\u00e9alisateurs.<br>+ 1 Bonus<br><\/strong><br>Nous terminerons la soir\u00e9e par<strong> un ap\u00e9ro d\u00eenatoire partag\u00e9<\/strong> o\u00f9 chacun apporte un plat de son choix<\/p>\n\n\n\n<p class=\"has-text-align-center\">Venez nombreux, en famille, avec vos amis, vos voisins&#8230;<\/p>\n\n\n\n<p class=\"has-text-align-center\"><br>Entr\u00e9e libre<\/p>\n\n\n\n<p class=\"has-text-align-center\">Merci de partager cette info<\/p>\n\n\n\n<figure class=\"wp-block-image size-large\"><img decoding=\"async\" src=\"http:\/\/iefdesj.cluster121.hosting.ovh.net\/wp-content\/uploads\/2023\/05\/Projection-Martinet-700x990.jpg\" alt=\"\" class=\"wp-image-383\"\/><\/figure>\n","protected":false},"excerpt":{"rendered":"<p>Nous vous invitons \u00e0 la Projection des courts-m\u00e9trages r\u00e9alis\u00e9s par des jeunes en IEF,dans le cadre du concours \u00ab\u00a0Je filme le m\u00e9tier qui me pla\u00eet\u00a0\u00bb. Mercredi 17 mai \u00e0 18h30 Espace Yvette Martinet,15 av des \u00eeles \u00e0 AnnecyLa projection est suivie d&rsquo;un \u00e9change avec les jeunes r\u00e9alisateurs.+ 1 BonusNous terminerons la soir\u00e9e par un ap\u00e9ro&#8230;<\/p>\n","protected":false},"author":2,"featured_media":0,"comment_status":"closed","ping_status":"closed","sticky":false,"template":"","format":"standard","meta":{"_jetpack_memberships_contains_paid_content":false,"footnotes":""},"categories":[2],"tags":[],"class_list":["post-384","post","type-post","status-publish","format-standard","hentry","category-actu"],"jetpack_featured_media_url":"","jetpack_sharing_enabled":true,"_links":{"self":[{"href":"https:\/\/iefdessavoie.fr\/index.php\/wp-json\/wp\/v2\/posts\/384","targetHints":{"allow":["GET"]}}],"collection":[{"href":"https:\/\/iefdessavoie.fr\/index.php\/wp-json\/wp\/v2\/posts"}],"about":[{"href":"https:\/\/iefdessavoie.fr\/index.php\/wp-json\/wp\/v2\/types\/post"}],"author":[{"embeddable":true,"href":"https:\/\/iefdessavoie.fr\/index.php\/wp-json\/wp\/v2\/users\/2"}],"replies":[{"embeddable":true,"href":"https:\/\/iefdessavoie.fr\/index.php\/wp-json\/wp\/v2\/comments?post=384"}],"version-history":[{"count":0,"href":"https:\/\/iefdessavoie.fr\/index.php\/wp-json\/wp\/v2\/posts\/384\/revisions"}],"wp:attachment":[{"href":"https:\/\/iefdessavoie.fr\/index.php\/wp-json\/wp\/v2\/media?parent=384"}],"wp:term":[{"taxonomy":"category","embeddable":true,"href":"https:\/\/iefdessavoie.fr\/index.php\/wp-json\/wp\/v2\/categories?post=384"},{"taxonomy":"post_tag","embeddable":true,"href":"https:\/\/iefdessavoie.fr\/index.php\/wp-json\/wp\/v2\/tags?post=384"}],"curies":[{"name":"wp","href":"https:\/\/api.w.org\/{rel}","templated":true}]}}