{"id":374,"date":"2023-05-03T11:09:16","date_gmt":"2023-05-03T09:09:16","guid":{"rendered":"https:\/\/iefdessavoie.fr\/?p=374"},"modified":"2023-05-03T11:09:16","modified_gmt":"2023-05-03T09:09:16","slug":"felicitations-a-eline-evan-et-lucas","status":"publish","type":"post","link":"https:\/\/iefdessavoie.fr\/index.php\/2023\/05\/03\/felicitations-a-eline-evan-et-lucas\/","title":{"rendered":"F\u00e9licitations \u00e0 \u00c9line, Evan et Lucas !"},"content":{"rendered":"\n<p>Ces trois jeunes ont d\u00e9pos\u00e9 leur candidature, en d\u00e9cembre 2022, au concours national \u00ab\u00a0Je filme le m\u00e9tier qui me pla\u00eet\u00a0\u00bb. L\u2019objectif de ce concours est de r\u00e9aliser un court-m\u00e9trage de 3 minutes sur un m\u00e9tier, afin d&rsquo;aider les jeunes \u00e0 trouver leur voie professionnelle.<\/p>\n\n\n\n<p>Ils ont r\u00e9alis\u00e9 un film sur le m\u00e9tier de chocolatier : \u00ab\u00a0<a rel=\"noreferrer noopener\" href=\"https:\/\/www.parcoursmetiers.tv\/video\/14762-jirai-ou-le-chocolat-memmenera\" data-type=\"URL\" data-id=\"https:\/\/www.parcoursmetiers.tv\/video\/14762-jirai-ou-le-chocolat-memmenera\" target=\"_blank\">J&rsquo;irai l\u00e0 o\u00f9 le chocolat m&#8217;emm\u00e8nera<\/a>\u00ab\u00a0. Ils ont choisi de filmer la chocolaterie Cocoa Valley de Serges et Carine Ngassa. Serges Ngassa fait parti, des rares chocolatiers en France \u00e0 produire ses f\u00e8ves de cacao. Les jeunes ont appr\u00e9ci\u00e9 sa d\u00e9marche \u00e9thique et sa fa\u00e7on de transformer les f\u00e8ves en un succulent chocolat. Test\u00e9 et approuv\u00e9 par certains dans le film !<\/p>\n\n\n\n<p>Au mois de mars 2023, ces jeunes ont appris que<strong> leur court-m\u00e9trage \u00e9tait<\/strong> <strong>retenu par le jury de la s\u00e9lection officielle<\/strong> et pourrait peut-\u00eatre pr\u00e9tendre \u00e0 un prix le jour de la c\u00e9r\u00e9monie officielle qui aura lieu le 25 mai 2023 au Grand Rex \u00e0 Paris.<\/p>\n\n\n\n<p>Pour leur plus grande joie, ils ont appris hier que <strong>leur film \u00e9tait parmi les finalistes de la cat\u00e9gorie prix sp\u00e9cial du jury, pour le concours r\u00e9gional !<\/strong><\/p>\n\n\n\n<figure class=\"wp-block-image size-large is-resized\"><img loading=\"lazy\" decoding=\"async\" src=\"http:\/\/iefdesj.cluster121.hosting.ovh.net\/wp-content\/uploads\/2023\/05\/P1012728-700x525.jpg\" alt=\"\" class=\"wp-image-373\" width=\"496\" height=\"372\"\/><figcaption class=\"wp-element-caption\">Eline, Evan, Lucas et Serges devant Cocoa Valley<\/figcaption><\/figure>\n\n\n\n<p>Ils sont invit\u00e9s mardi 16 mai 2023, \u00e0 la c\u00e9r\u00e9monie de remise des prix du concours r\u00e9gional, qui se d\u00e9roulera \u00e0 Lyon, au cin\u00e9ma Confluence, en pr\u00e9sence de Sophie Cruz, Pr\u00e9sidente d&rsquo;Auvergne-Rh\u00f4ne-Alpes Orientation.<\/p>\n\n\n\n<p>Evan et Lucas seront pr\u00e9sents \u00e0 cette c\u00e9r\u00e9monie mardi 16 mai et esp\u00e8rent bien remporter un prix ! Nous leur souhaitons et croisons les doigts pour leur film !!!<\/p>\n\n\n\n<p>Depuis quatre ans le concours est organis\u00e9 en r\u00e9gion. Auvergne-Rh\u00f4ne-Alpes Orientation est partenaire territorial du concours. Elle remet 5 prix : le prix des coll\u00e9giens, le prix des lyc\u00e9ens, le prix des \u00e9tudiants, le prix sp\u00e9cial du jury et le prix du public. L&rsquo;inscription au concours national donne lieu \u00e0 l&rsquo;inscription au concours r\u00e9gional.<\/p>\n","protected":false},"excerpt":{"rendered":"<p>Ces trois jeunes ont d\u00e9pos\u00e9 leur candidature, en d\u00e9cembre 2022, au concours national \u00ab\u00a0Je filme le m\u00e9tier qui me pla\u00eet\u00a0\u00bb. L\u2019objectif de ce concours est de r\u00e9aliser un court-m\u00e9trage de 3 minutes sur un m\u00e9tier, afin d&rsquo;aider les jeunes \u00e0 trouver leur voie professionnelle. Ils ont r\u00e9alis\u00e9 un film sur le m\u00e9tier de chocolatier :&#8230;<\/p>\n","protected":false},"author":2,"featured_media":0,"comment_status":"closed","ping_status":"closed","sticky":false,"template":"","format":"standard","meta":{"_jetpack_memberships_contains_paid_content":false,"footnotes":""},"categories":[2],"tags":[],"class_list":["post-374","post","type-post","status-publish","format-standard","hentry","category-actu"],"jetpack_featured_media_url":"","jetpack_sharing_enabled":true,"_links":{"self":[{"href":"https:\/\/iefdessavoie.fr\/index.php\/wp-json\/wp\/v2\/posts\/374","targetHints":{"allow":["GET"]}}],"collection":[{"href":"https:\/\/iefdessavoie.fr\/index.php\/wp-json\/wp\/v2\/posts"}],"about":[{"href":"https:\/\/iefdessavoie.fr\/index.php\/wp-json\/wp\/v2\/types\/post"}],"author":[{"embeddable":true,"href":"https:\/\/iefdessavoie.fr\/index.php\/wp-json\/wp\/v2\/users\/2"}],"replies":[{"embeddable":true,"href":"https:\/\/iefdessavoie.fr\/index.php\/wp-json\/wp\/v2\/comments?post=374"}],"version-history":[{"count":0,"href":"https:\/\/iefdessavoie.fr\/index.php\/wp-json\/wp\/v2\/posts\/374\/revisions"}],"wp:attachment":[{"href":"https:\/\/iefdessavoie.fr\/index.php\/wp-json\/wp\/v2\/media?parent=374"}],"wp:term":[{"taxonomy":"category","embeddable":true,"href":"https:\/\/iefdessavoie.fr\/index.php\/wp-json\/wp\/v2\/categories?post=374"},{"taxonomy":"post_tag","embeddable":true,"href":"https:\/\/iefdessavoie.fr\/index.php\/wp-json\/wp\/v2\/tags?post=374"}],"curies":[{"name":"wp","href":"https:\/\/api.w.org\/{rel}","templated":true}]}}