{"id":357,"date":"2023-04-14T16:38:08","date_gmt":"2023-04-14T14:38:08","guid":{"rendered":"https:\/\/iefdessavoie.fr\/?p=357"},"modified":"2023-04-14T16:38:08","modified_gmt":"2023-04-14T14:38:08","slug":"lassociation-ief-des-savoie-devient-cofondatrice-de-lassociation-felicia","status":"publish","type":"post","link":"https:\/\/iefdessavoie.fr\/index.php\/2023\/04\/14\/lassociation-ief-des-savoie-devient-cofondatrice-de-lassociation-felicia\/","title":{"rendered":"L&rsquo;Association IEF des Savoie devient cofondatrice de l&rsquo;association F\u00c9LICIA"},"content":{"rendered":"\n<p class=\"has-medium-font-size\">Cette ann\u00e9e l&rsquo;association Instruction En Famille des Savoie a particip\u00e9 \u00e0 la cofondation de l&rsquo;association F\u00c9LICIA (F\u00e9d\u00e9ration pour la libert\u00e9 du choix de l&rsquo;instruction et des apprentissages) du 24 au 29 janvier 2023.<\/p>\n\n\n\n<p>L\u2019objectif de\u00a0F\u00c9LICIA\u00a0est de\u00a0f\u00e9d\u00e9rer les acteurs \u0153uvrant \u00e0 la d\u00e9fense du libre choix des apprentissages et du pluralisme \u00e9ducatif\u00a0(\u00c9ducation nationale, instruction en famille, \u00e9tablissements priv\u00e9s d\u2019enseignement \u00e0 distance, \u00e9tablissements d\u2019enseignement hors contrats).\u00a0<br><\/p>\n\n\n\n<p>\u00a0Cette d\u00e9marche nous semblait en parfaite ad\u00e9quation avec l&rsquo;objet de nos statuts notamment\u00a0<\/p>\n\n\n\n<ul class=\"wp-block-list\">\n<li>d\u00e9fendre et promouvoir le droit \u00e0 la libert\u00e9 de choix d&rsquo;instruction pour les parents afin de rendre<br>effectif le droit \u00e0 l&rsquo;\u00e9ducation de leurs enfants.<br><\/li>\n\n\n\n<li>promouvoir et d\u00e9fendre les droits des enfants en r\u00e9f\u00e9rence \u00e0 la Convention internationale des<br>droits de l&rsquo;enfant (CIDE)<\/li>\n<\/ul>\n\n\n\n<p>La diversit\u00e9 \u00e9ducative et le libre choix de l&rsquo;instruction sont deux postulats fondamentaux pour la r\u00e9alisation du droit \u00e0 l&rsquo;\u00e9ducation (conform\u00e9ment aux objectifs \u00e9nonc\u00e9s dans la Convention Internationale des droits de l&rsquo;enfant CIDE), notre volont\u00e9 de particip\u00e9 \u00e0 la cofondation de F\u00c9LICIA se situe dans la poursuite de cet objectif.<\/p>\n\n\n\n<p>La structure f\u00e9d\u00e9rative de F\u00c9LICIA permet de mutualiser les ressources afin de\u00a0mener des actions \u00e0 l&rsquo;\u00e9chelle nationale et de\u00a0repr\u00e9senter plus efficacement ses membres aupr\u00e8s des pouvoirs publics et administrations.<\/p>\n\n\n\n<p>F\u00c9LICIA&nbsp;travaille \u00e9galement \u00e0 mettre \u00e0 disposition&nbsp;une&nbsp;base de donn\u00e9es d\u2019outils et de r\u00e9f\u00e9rentiels administratifs non partisans afin de permettre l&rsquo;exercice du libre choix de l&rsquo;instruction et des apprentissages.<\/p>\n\n\n\n<p>La loi CRPR de 2021 a profond\u00e9ment mis en p\u00e9ril la libert\u00e9 de choix de l&rsquo;instruction ainsi que la r\u00e9alisation du droit \u00e0 l&rsquo;\u00e9ducation des enfants en France, nous \u0153uvrons tous ensemble pour r\u00e9tablir ces libert\u00e9s fondamentales.<\/p>\n\n\n\n<p>L&rsquo;association IEF des Savoie, au m\u00eame titre que les autres associations locales cofondatrices, apporte sa connaissance fine du terrain et contribue ainsi au maillage du territoire national pour la d\u00e9fense du libre choix de l&rsquo;instruction.<\/p>\n\n\n\n<p>\u00ab&nbsp;Seuls, nous pouvons faire si peu&nbsp;; ensemble, nous pouvons faire beaucoup.&nbsp;\u00bb &#8211; Helen Keller<\/p>\n","protected":false},"excerpt":{"rendered":"<p>Cette ann\u00e9e l&rsquo;association Instruction En Famille des Savoie a particip\u00e9 \u00e0 la cofondation de l&rsquo;association F\u00c9LICIA (F\u00e9d\u00e9ration pour la libert\u00e9 du choix de l&rsquo;instruction et des apprentissages) du 24 au 29 janvier 2023. L\u2019objectif de\u00a0F\u00c9LICIA\u00a0est de\u00a0f\u00e9d\u00e9rer les acteurs \u0153uvrant \u00e0 la d\u00e9fense du libre choix des apprentissages et du pluralisme \u00e9ducatif\u00a0(\u00c9ducation nationale, instruction en famille,&#8230;<\/p>\n","protected":false},"author":3,"featured_media":0,"comment_status":"closed","ping_status":"closed","sticky":false,"template":"","format":"standard","meta":{"_jetpack_memberships_contains_paid_content":false,"footnotes":""},"categories":[2],"tags":[],"class_list":["post-357","post","type-post","status-publish","format-standard","hentry","category-actu"],"jetpack_featured_media_url":"","jetpack_sharing_enabled":true,"_links":{"self":[{"href":"https:\/\/iefdessavoie.fr\/index.php\/wp-json\/wp\/v2\/posts\/357","targetHints":{"allow":["GET"]}}],"collection":[{"href":"https:\/\/iefdessavoie.fr\/index.php\/wp-json\/wp\/v2\/posts"}],"about":[{"href":"https:\/\/iefdessavoie.fr\/index.php\/wp-json\/wp\/v2\/types\/post"}],"author":[{"embeddable":true,"href":"https:\/\/iefdessavoie.fr\/index.php\/wp-json\/wp\/v2\/users\/3"}],"replies":[{"embeddable":true,"href":"https:\/\/iefdessavoie.fr\/index.php\/wp-json\/wp\/v2\/comments?post=357"}],"version-history":[{"count":0,"href":"https:\/\/iefdessavoie.fr\/index.php\/wp-json\/wp\/v2\/posts\/357\/revisions"}],"wp:attachment":[{"href":"https:\/\/iefdessavoie.fr\/index.php\/wp-json\/wp\/v2\/media?parent=357"}],"wp:term":[{"taxonomy":"category","embeddable":true,"href":"https:\/\/iefdessavoie.fr\/index.php\/wp-json\/wp\/v2\/categories?post=357"},{"taxonomy":"post_tag","embeddable":true,"href":"https:\/\/iefdessavoie.fr\/index.php\/wp-json\/wp\/v2\/tags?post=357"}],"curies":[{"name":"wp","href":"https:\/\/api.w.org\/{rel}","templated":true}]}}