{"id":341,"date":"2023-03-10T22:34:50","date_gmt":"2023-03-10T21:34:50","guid":{"rendered":"https:\/\/iefdessavoie.fr\/?p=341"},"modified":"2023-03-10T22:34:50","modified_gmt":"2023-03-10T21:34:50","slug":"a-la-decouverte-du-metier-de-decorateur-decoratrice-en-grande-surface","status":"publish","type":"post","link":"https:\/\/iefdessavoie.fr\/index.php\/2023\/03\/10\/a-la-decouverte-du-metier-de-decorateur-decoratrice-en-grande-surface\/","title":{"rendered":"A la d\u00e9couverte du m\u00e9tier de d\u00e9corateur\/ d\u00e9coratrice en grande surface"},"content":{"rendered":"\n<p><em>L\u2019association IEF des Savoie donne aujourd\u2019hui la parole \u00e0 Le\u00efla et Nora qui participent au concours \u00ab\u00a0Je filme le m\u00e9tier qui me pla\u00eet\u00a0\u00bb.<\/em> <em>G\u00e9raldine pour l\u2019association.<\/em><\/p>\n\n\n\n<p>A l\u2019occasion de notre\u00a0participation au concours \u00ab je filme le m\u00e9tier qui me pla\u00eet \u00bb, nous\u00a0avons\u00a0fait de v\u00e9ritables d\u00e9couvertes!\u00a0<\/p>\n\n\n\n<p>En effet, en contactant le service d\u00e9coration de&nbsp;Carrefour Annecy, nous \u00e9tions&nbsp;loin d\u2019imaginer l\u2019aventure que nous allions&nbsp;vivre\u2026<\/p>\n\n\n\n<p>Tout d\u2019abord, le m\u00e9tier de d\u00e9corateur en grande surface, est celui des petites mains de l\u2019ombre. En effet,&nbsp;cette petite \u00e9quipe de deux collaboratrices r\u00e9alise ses installations de d\u00e9cors et d\u2019affichages&nbsp;tr\u00e8s t\u00f4t avant l\u2019ouverture aux clients.&nbsp;Pour cela, elles disposent d\u2019une v\u00e9ritable caverne d\u2019Ali Baba d\u2019objets en tout genre&nbsp;et d\u2019un atelier dot\u00e9 de mat\u00e9riel de bricolage et d\u2019imprimantes XXL.&nbsp;<\/p>\n\n\n\n<figure class=\"wp-block-image size-large\"><img decoding=\"async\" src=\"http:\/\/iefdesj.cluster121.hosting.ovh.net\/wp-content\/uploads\/2023\/03\/decoratrice-700x525.jpg\" alt=\"\" class=\"wp-image-343\"\/><figcaption class=\"wp-element-caption\"><em>La d\u00e9coratrice nous pr\u00e9sente l&rsquo;imprimante XXL.<\/em><\/figcaption><\/figure>\n\n\n\n<p>H\u00e9 oui, la grande surface se renouvelle toutes les semaines. Les th\u00e9matiques s\u2019encha\u00eenent : No\u00ebl, op\u00e9ration anniversaire des 60 ans de Carrefour, soldes, foires\u2026<\/p>\n\n\n\n<p>Difficile de composer un sc\u00e9nario ! Enfin!&nbsp; nous avons une id\u00e9e ! \u00c7a y est le jour du tournage&nbsp;est programm\u00e9, sauf que le rendez-vous est \u00e0 6h du matin ! \u00c9videmment !&nbsp;<\/p>\n\n\n\n<p>Quel marathon ce tournage! Entre les pr\u00e9paratifs dans l\u2019atelier, la recherche d\u2019accessoires dans la r\u00e9serve, les all\u00e9es&nbsp;et venues&nbsp;dans les rayons&#8230; et l\u2019heure tourne! Il faut s\u2019activer avant l\u2019arriv\u00e9e des premiers clients \u00e0 8h30! On n\u2019a pas vu le temps pass\u00e9. Encore quelques sc\u00e8nes \u00e0 tourner dans l\u2019atelier et c\u2019est dans la bo\u00eete !&nbsp;<\/p>\n\n\n\n<p>C\u2019\u00e9tait sportif, et tous ces escaliers en plus pour entrer dans les coulisses du magasin, nous n\u2019avions pas pens\u00e9 \u00e0 l\u2019entra\u00eenement physique&nbsp;!&nbsp;<\/p>\n\n\n\n<p>Et voil\u00e0, l\u2019\u00e9tape du montage c\u2019est au chaud \u00e0 la maison,&nbsp;mais pas moins rythm\u00e9e !&nbsp;<\/p>\n\n\n\n<p>Ouf, nous avons rendu dans les temps! In&nbsp;extremis, une premi\u00e8re victoire, nous l\u2019esp\u00e9rons. Le sort de notre film est d\u00e9sormais entre les mains du jury.&nbsp;Bient\u00f4t la suite\u2026<\/p>\n\n\n\n<p>Nora et Le\u00efla&nbsp;<\/p>\n","protected":false},"excerpt":{"rendered":"<p>L\u2019association IEF des Savoie donne aujourd\u2019hui la parole \u00e0 Le\u00efla et Nora qui participent au concours \u00ab\u00a0Je filme le m\u00e9tier qui me pla\u00eet\u00a0\u00bb. G\u00e9raldine pour l\u2019association. A l\u2019occasion de notre\u00a0participation au concours \u00ab je filme le m\u00e9tier qui me pla\u00eet \u00bb, nous\u00a0avons\u00a0fait de v\u00e9ritables d\u00e9couvertes!\u00a0 En effet, en contactant le service d\u00e9coration de&nbsp;Carrefour Annecy, nous&#8230;<\/p>\n","protected":false},"author":2,"featured_media":0,"comment_status":"closed","ping_status":"closed","sticky":false,"template":"","format":"standard","meta":{"_jetpack_memberships_contains_paid_content":false,"footnotes":""},"categories":[2],"tags":[],"class_list":["post-341","post","type-post","status-publish","format-standard","hentry","category-actu"],"jetpack_featured_media_url":"","jetpack_sharing_enabled":true,"_links":{"self":[{"href":"https:\/\/iefdessavoie.fr\/index.php\/wp-json\/wp\/v2\/posts\/341","targetHints":{"allow":["GET"]}}],"collection":[{"href":"https:\/\/iefdessavoie.fr\/index.php\/wp-json\/wp\/v2\/posts"}],"about":[{"href":"https:\/\/iefdessavoie.fr\/index.php\/wp-json\/wp\/v2\/types\/post"}],"author":[{"embeddable":true,"href":"https:\/\/iefdessavoie.fr\/index.php\/wp-json\/wp\/v2\/users\/2"}],"replies":[{"embeddable":true,"href":"https:\/\/iefdessavoie.fr\/index.php\/wp-json\/wp\/v2\/comments?post=341"}],"version-history":[{"count":0,"href":"https:\/\/iefdessavoie.fr\/index.php\/wp-json\/wp\/v2\/posts\/341\/revisions"}],"wp:attachment":[{"href":"https:\/\/iefdessavoie.fr\/index.php\/wp-json\/wp\/v2\/media?parent=341"}],"wp:term":[{"taxonomy":"category","embeddable":true,"href":"https:\/\/iefdessavoie.fr\/index.php\/wp-json\/wp\/v2\/categories?post=341"},{"taxonomy":"post_tag","embeddable":true,"href":"https:\/\/iefdessavoie.fr\/index.php\/wp-json\/wp\/v2\/tags?post=341"}],"curies":[{"name":"wp","href":"https:\/\/api.w.org\/{rel}","templated":true}]}}