{"id":331,"date":"2023-03-04T18:07:52","date_gmt":"2023-03-04T17:07:52","guid":{"rendered":"https:\/\/iefdessavoie.fr\/?p=331"},"modified":"2023-03-04T18:07:52","modified_gmt":"2023-03-04T17:07:52","slug":"non-a-la-mort-programmee-de-lief","status":"publish","type":"post","link":"https:\/\/iefdessavoie.fr\/index.php\/2023\/03\/04\/non-a-la-mort-programmee-de-lief\/","title":{"rendered":"Non \u00e0 la mort programm\u00e9e de l&rsquo;IEF"},"content":{"rendered":"\n<p>\u00c0 quelques jours de l\u2019ouverture officielle des d\u00e9p\u00f4ts de demandes d\u2019autorisation pour obtenir le droit d\u2019instruire son enfant en famille (demandes \u00e0 effectuer entre le 1er mars et le 31 mai), les associations et collectifs, locaux et nationaux, appellent \u00e0 la mobilisation pour sensibiliser, informer et mobiliser les familles qui souhaitent prendre la responsabilit\u00e9 de l\u2019instruction de leur(s) enfant(s)\u2026 et qui risquent d\u2019\u00eatre d\u00e9bout\u00e9es et priv\u00e9es de ce droit fondamental !<\/p>\n\n\n\n<p>Apr\u00e8s une ann\u00e9e 2022 dramatique, cette nouvelle saison 2023 annonce une nouvelle fois&nbsp;la&nbsp;mort&nbsp;programm\u00e9e&nbsp;de l\u2019instruction&nbsp;en&nbsp;famille&nbsp;!<\/p>\n\n\n\n<p>Parce que les\u00a0associations\u00a0et\u00a0collectifs en lutte contre l\u2019article 49 de la loi \u00ab\u00a0Confortant\u00a0les\u00a0principes\u00a0de\u00a0la\u00a0R\u00e9publique\u00a0\u00bb \u00a0consid\u00e8rent que\u00a0les\u00a0d\u00e9s sont\u00a0d\u2019ores\u00a0et\u00a0d\u00e9j\u00e0\u00a0pip\u00e9s\u00a0pour cette nouvelle ann\u00e9e de demandes l\u2019autorisation, ils s\u2019unissent pour d\u00e9noncer cette injustice dans une<strong><a href=\"https:\/\/drive.google.com\/file\/d\/1tmLD8g5aOJXlhL8DxPzPyOeHi2rNQuEZ\/view?usp=share_link\" data-type=\"URL\" data-id=\"https:\/\/drive.google.com\/file\/d\/1tmLD8g5aOJXlhL8DxPzPyOeHi2rNQuEZ\/view?usp=share_link\" target=\"_blank\" rel=\"noreferrer noopener\"> Tribune commune<\/a><\/strong>, \u00e0 l\u2019initiative du NonSco\u2019llectif  : <strong>\u00ab Non\u00a0\u00e0\u00a0la\u00a0mort\u00a0programm\u00e9e de\u00a0l\u2019instruction\u00a0en\u00a0famille\u00a0! \u00bb.<\/strong> L&rsquo;association IEF des Savoie est co-signatrice de cette tribune.<br><br>Une\u00a0nouvelle\u00a0campagne\u00a0d\u2019actions\u00a0va\u00a0donc s\u2019ouvrir\u2026 Les familles sont encourag\u00e9es \u00e0 rejoindre les associations et collectifs, locaux et nationaux !\u00a0<\/p>\n\n\n\n<p>Premi\u00e8re action en image du NonSco&rsquo;llectif : <a rel=\"noreferrer noopener\" href=\"https:\/\/www.youtube.com\/watch?v=jyRgQN-jxNs\" target=\"_blank\">https:\/\/www.youtube.com\/watch?v=jyRgQN-jxNs<\/a><\/p>\n\n\n\n<p><\/p>\n","protected":false},"excerpt":{"rendered":"<p>\u00c0 quelques jours de l\u2019ouverture officielle des d\u00e9p\u00f4ts de demandes d\u2019autorisation pour obtenir le droit d\u2019instruire son enfant en famille (demandes \u00e0 effectuer entre le 1er mars et le 31 mai), les associations et collectifs, locaux et nationaux, appellent \u00e0 la mobilisation pour sensibiliser, informer et mobiliser les familles qui souhaitent prendre la responsabilit\u00e9 de&#8230;<\/p>\n","protected":false},"author":2,"featured_media":0,"comment_status":"closed","ping_status":"closed","sticky":false,"template":"","format":"standard","meta":{"_jetpack_memberships_contains_paid_content":false,"footnotes":""},"categories":[2],"tags":[],"class_list":["post-331","post","type-post","status-publish","format-standard","hentry","category-actu"],"jetpack_featured_media_url":"","jetpack_sharing_enabled":true,"_links":{"self":[{"href":"https:\/\/iefdessavoie.fr\/index.php\/wp-json\/wp\/v2\/posts\/331","targetHints":{"allow":["GET"]}}],"collection":[{"href":"https:\/\/iefdessavoie.fr\/index.php\/wp-json\/wp\/v2\/posts"}],"about":[{"href":"https:\/\/iefdessavoie.fr\/index.php\/wp-json\/wp\/v2\/types\/post"}],"author":[{"embeddable":true,"href":"https:\/\/iefdessavoie.fr\/index.php\/wp-json\/wp\/v2\/users\/2"}],"replies":[{"embeddable":true,"href":"https:\/\/iefdessavoie.fr\/index.php\/wp-json\/wp\/v2\/comments?post=331"}],"version-history":[{"count":0,"href":"https:\/\/iefdessavoie.fr\/index.php\/wp-json\/wp\/v2\/posts\/331\/revisions"}],"wp:attachment":[{"href":"https:\/\/iefdessavoie.fr\/index.php\/wp-json\/wp\/v2\/media?parent=331"}],"wp:term":[{"taxonomy":"category","embeddable":true,"href":"https:\/\/iefdessavoie.fr\/index.php\/wp-json\/wp\/v2\/categories?post=331"},{"taxonomy":"post_tag","embeddable":true,"href":"https:\/\/iefdessavoie.fr\/index.php\/wp-json\/wp\/v2\/tags?post=331"}],"curies":[{"name":"wp","href":"https:\/\/api.w.org\/{rel}","templated":true}]}}